{"id":15514,"date":"2021-06-28T13:30:44","date_gmt":"2021-06-28T11:30:44","guid":{"rendered":"https:\/\/klaster.it\/?p=15514"},"modified":"2021-06-28T13:30:44","modified_gmt":"2021-06-28T11:30:44","slug":"15514","status":"publish","type":"post","link":"https:\/\/klaster.it\/en\/2021\/06\/15514\/","title":{"rendered":""},"content":{"rendered":"<p><strong><a href=\"https:\/\/www.sodapl.com\/\" target=\"_blank\" rel=\"noopener\" data-cke-saved-href=\"https:\/\/www.sodapl.com\/\">Software Development Association Poland (SoDA)<\/a>\u00a0<\/strong>jedno z g\u0142\u00f3wnych <strong>Stowarzysze\u0144 dzia\u0142aj\u0105cych na rzecz Rozwoju Oprogramowania w Polsce<\/strong>, zwr\u00f3ci\u0142o si\u0119 do\u00a0 <strong>Stowarzyszenia Klaster ICT<\/strong>\u00a0 oraz do\u00a0I<strong>T Corner z Wroc\u0142awia<\/strong>\u00a0z pro\u015bb\u0105 o poparcie pisma, kierowanego do Premiera Mateusza Morawieckiego.<\/p>\n<p>Pismo mia\u0142o na celu przedstawienie propozycji, kt\u00f3re s\u0105 interesuj\u0105ce i korzystne z<br \/>\npunktu widzenia naszej bran\u017cy.<br \/>\nZaliczy\u0107 do nich mo\u017cna:<\/p>\n<ul>\n<li>podniesienie kwoty wolnej od podatku dla wszystkich pracuj\u0105cych Polak\u00f3w,<\/li>\n<li>fundusz nowoczesnych kompetencji, wspomagaj\u0105cy przekwalifikowanie pracownik\u00f3w w ramach cyfryzacji polskiego przemys\u0142u,<\/li>\n<li>klastry sektorowe w tym <strong>zdecentralizowany Klaster IT,<\/strong><\/li>\n<li>podatkowe wsparcie ekspansji zagranicznej, ulga na IPO,<\/li>\n<li>symultaniczna ulga IP BOX i B+R, ulepszony Esto\u0144ski CIT,<\/li>\n<li>wsparcie zatrudnienia innowacyjnych pracownik\u00f3w czy te\u017c system <strong>przyci\u0105gania do Polski zagranicznych specjalist\u00f3w z bran\u017c deficytowych.<\/strong><\/li>\n<\/ul>\n<p>Klaster od pocz\u0105tku istnienia jest jednym z reprezentant\u00f3w bran\u017cy IT i dzia\u0142a na rzecz rozwoju tego sektora.<\/p>\n<p>Zapraszamy do zapoznania si\u0119 z ca\u0142o\u015bci\u0105 pisma skierowanego do premiera.<\/p>\n<p>&nbsp;<\/p>\n<p><a href=\"https:\/\/klaster.it\/wp-content\/uploads\/2021\/06\/Wystapienie-branzy-IT-Polski-Lad-21062021.pdf\">Wystapienie branzy IT &#8211; Polski Lad 21062021<\/a><\/p>\n","protected":false},"excerpt":{"rendered":"<p>Software Development Association Poland (SoDA)\u00a0jedno z g\u0142\u00f3wnych Stowarzysze\u0144 dzia\u0142aj\u0105cych na rzecz Rozwoju Oprogramowania w Polsce, zwr\u00f3ci\u0142o si\u0119 do\u00a0 Stowarzyszenia Klaster ICT\u00a0 oraz do\u00a0IT Corner z Wroc\u0142awia\u00a0z pro\u015bb\u0105 o poparcie pisma, kierowanego do Premiera Mateusza Morawieckiego. Pismo mia\u0142o na celu przedstawienie propozycji, kt\u00f3re s\u0105 interesuj\u0105ce i korzystne z punktu widzenia naszej bran\u017cy. Zaliczy\u0107 do nich mo\u017cna:&#8230;<\/p>\n","protected":false},"author":3,"featured_media":0,"comment_status":"closed","ping_status":"closed","sticky":false,"template":"","format":"standard","meta":{"footnotes":""},"categories":[1],"tags":[],"class_list":["post-15514","post","type-post","status-publish","format-standard","hentry","category-bez-kategorii"],"yoast_head":"<!-- This site is optimized with the Yoast SEO plugin v27.5 - https:\/\/yoast.com\/product\/yoast-seo-wordpress\/ -->\n<title>- Klaster IT<\/title>\n<meta name=\"robots\" content=\"index, follow, max-snippet:-1, max-image-preview:large, max-video-preview:-1\" \/>\n<link rel=\"canonical\" href=\"https:\/\/klaster.it\/en\/2021\/06\/15514\/\" \/>\n<meta property=\"og:locale\" content=\"en_US\" \/>\n<meta property=\"og:type\" content=\"article\" \/>\n<meta property=\"og:title\" content=\"- Klaster IT\" \/>\n<meta property=\"og:description\" content=\"Software Development Association Poland (SoDA)\u00a0jedno z g\u0142\u00f3wnych Stowarzysze\u0144 dzia\u0142aj\u0105cych na rzecz Rozwoju Oprogramowania w Polsce, zwr\u00f3ci\u0142o si\u0119 do\u00a0 Stowarzyszenia Klaster ICT\u00a0 oraz do\u00a0IT Corner z Wroc\u0142awia\u00a0z pro\u015bb\u0105 o poparcie pisma, kierowanego do Premiera Mateusza Morawieckiego. Pismo mia\u0142o na celu przedstawienie propozycji, kt\u00f3re s\u0105 interesuj\u0105ce i korzystne z punktu widzenia naszej bran\u017cy. Zaliczy\u0107 do nich mo\u017cna:...\" \/>\n<meta property=\"og:url\" content=\"https:\/\/klaster.it\/en\/2021\/06\/15514\/\" \/>\n<meta property=\"og:site_name\" content=\"Klaster IT\" \/>\n<meta property=\"article:publisher\" content=\"https:\/\/www.facebook.com\/KlasterICTPomorzeZachodnie\/\" \/>\n<meta property=\"article:published_time\" content=\"2021-06-28T11:30:44+00:00\" \/>\n<meta property=\"og:image\" content=\"https:\/\/klaster.it\/wp-content\/uploads\/2020\/12\/kontakt.jpg\" \/>\n\t<meta property=\"og:image:width\" content=\"1920\" \/>\n\t<meta property=\"og:image:height\" content=\"1000\" \/>\n\t<meta property=\"og:image:type\" content=\"image\/jpeg\" \/>\n<meta name=\"author\" content=\"Magdalena \u0141awicka\" \/>\n<meta name=\"twitter:card\" content=\"summary_large_image\" \/>\n<meta name=\"twitter:label1\" content=\"Written by\" \/>\n\t<meta name=\"twitter:data1\" content=\"Magdalena \u0141awicka\" \/>\n\t<meta name=\"twitter:label2\" content=\"Est. reading time\" \/>\n\t<meta name=\"twitter:data2\" content=\"1 minute\" \/>\n<script type=\"application\/ld+json\" class=\"yoast-schema-graph\">{\"@context\":\"https:\\\/\\\/schema.org\",\"@graph\":[{\"@type\":\"Article\",\"@id\":\"https:\\\/\\\/klaster.it\\\/en\\\/2021\\\/06\\\/15514\\\/#article\",\"isPartOf\":{\"@id\":\"https:\\\/\\\/klaster.it\\\/en\\\/2021\\\/06\\\/15514\\\/\"},\"author\":{\"name\":\"Magdalena \u0141awicka\",\"@id\":\"https:\\\/\\\/klaster.it\\\/#\\\/schema\\\/person\\\/f49bfe043fa87c7cffc9bf10464673dd\"},\"headline\":\"No title\",\"datePublished\":\"2021-06-28T11:30:44+00:00\",\"mainEntityOfPage\":{\"@id\":\"https:\\\/\\\/klaster.it\\\/en\\\/2021\\\/06\\\/15514\\\/\"},\"wordCount\":178,\"publisher\":{\"@id\":\"https:\\\/\\\/klaster.it\\\/#organization\"},\"articleSection\":[\"Bez kategorii\"],\"inLanguage\":\"en-US\"},{\"@type\":\"WebPage\",\"@id\":\"https:\\\/\\\/klaster.it\\\/en\\\/2021\\\/06\\\/15514\\\/\",\"url\":\"https:\\\/\\\/klaster.it\\\/en\\\/2021\\\/06\\\/15514\\\/\",\"name\":\"- Klaster IT\",\"isPartOf\":{\"@id\":\"https:\\\/\\\/klaster.it\\\/#website\"},\"datePublished\":\"2021-06-28T11:30:44+00:00\",\"inLanguage\":\"en-US\",\"potentialAction\":[{\"@type\":\"ReadAction\",\"target\":[\"https:\\\/\\\/klaster.it\\\/en\\\/2021\\\/06\\\/15514\\\/\"]}]},{\"@type\":\"WebSite\",\"@id\":\"https:\\\/\\\/klaster.it\\\/#website\",\"url\":\"https:\\\/\\\/klaster.it\\\/\",\"name\":\"Klaster IT\",\"description\":\"Kolejna witryna oparta na WordPressie\",\"publisher\":{\"@id\":\"https:\\\/\\\/klaster.it\\\/#organization\"},\"potentialAction\":[{\"@type\":\"SearchAction\",\"target\":{\"@type\":\"EntryPoint\",\"urlTemplate\":\"https:\\\/\\\/klaster.it\\\/?s={search_term_string}\"},\"query-input\":{\"@type\":\"PropertyValueSpecification\",\"valueRequired\":true,\"valueName\":\"search_term_string\"}}],\"inLanguage\":\"en-US\"},{\"@type\":\"Organization\",\"@id\":\"https:\\\/\\\/klaster.it\\\/#organization\",\"name\":\"Klaster IT\",\"url\":\"https:\\\/\\\/klaster.it\\\/\",\"logo\":{\"@type\":\"ImageObject\",\"inLanguage\":\"en-US\",\"@id\":\"https:\\\/\\\/klaster.it\\\/#\\\/schema\\\/logo\\\/image\\\/\",\"url\":\"https:\\\/\\\/klaster.it\\\/wp-content\\\/uploads\\\/2021\\\/11\\\/Klaster-IT_logo-poziome.png\",\"contentUrl\":\"https:\\\/\\\/klaster.it\\\/wp-content\\\/uploads\\\/2021\\\/11\\\/Klaster-IT_logo-poziome.png\",\"width\":2094,\"height\":297,\"caption\":\"Klaster IT\"},\"image\":{\"@id\":\"https:\\\/\\\/klaster.it\\\/#\\\/schema\\\/logo\\\/image\\\/\"},\"sameAs\":[\"https:\\\/\\\/www.facebook.com\\\/KlasterICTPomorzeZachodnie\\\/\",\"https:\\\/\\\/www.linkedin.com\\\/company\\\/west-pomeranian-ict-cluster\\\/\"]},{\"@type\":\"Person\",\"@id\":\"https:\\\/\\\/klaster.it\\\/#\\\/schema\\\/person\\\/f49bfe043fa87c7cffc9bf10464673dd\",\"name\":\"Magdalena \u0141awicka\",\"image\":{\"@type\":\"ImageObject\",\"inLanguage\":\"en-US\",\"@id\":\"https:\\\/\\\/secure.gravatar.com\\\/avatar\\\/bb3c2a0a061b4080c0682e77e06dddedce196362ccb9ebb7df87f0a5a446f9c6?s=96&d=mm&r=g\",\"url\":\"https:\\\/\\\/secure.gravatar.com\\\/avatar\\\/bb3c2a0a061b4080c0682e77e06dddedce196362ccb9ebb7df87f0a5a446f9c6?s=96&d=mm&r=g\",\"contentUrl\":\"https:\\\/\\\/secure.gravatar.com\\\/avatar\\\/bb3c2a0a061b4080c0682e77e06dddedce196362ccb9ebb7df87f0a5a446f9c6?s=96&d=mm&r=g\",\"caption\":\"Magdalena \u0141awicka\"}}]}<\/script>\n<!-- \/ Yoast SEO plugin. -->","yoast_head_json":{"title":"- Klaster IT","robots":{"index":"index","follow":"follow","max-snippet":"max-snippet:-1","max-image-preview":"max-image-preview:large","max-video-preview":"max-video-preview:-1"},"canonical":"https:\/\/klaster.it\/en\/2021\/06\/15514\/","og_locale":"en_US","og_type":"article","og_title":"- Klaster IT","og_description":"Software Development Association Poland (SoDA)\u00a0jedno z g\u0142\u00f3wnych Stowarzysze\u0144 dzia\u0142aj\u0105cych na rzecz Rozwoju Oprogramowania w Polsce, zwr\u00f3ci\u0142o si\u0119 do\u00a0 Stowarzyszenia Klaster ICT\u00a0 oraz do\u00a0IT Corner z Wroc\u0142awia\u00a0z pro\u015bb\u0105 o poparcie pisma, kierowanego do Premiera Mateusza Morawieckiego. Pismo mia\u0142o na celu przedstawienie propozycji, kt\u00f3re s\u0105 interesuj\u0105ce i korzystne z punktu widzenia naszej bran\u017cy. Zaliczy\u0107 do nich mo\u017cna:...","og_url":"https:\/\/klaster.it\/en\/2021\/06\/15514\/","og_site_name":"Klaster IT","article_publisher":"https:\/\/www.facebook.com\/KlasterICTPomorzeZachodnie\/","article_published_time":"2021-06-28T11:30:44+00:00","og_image":[{"width":1920,"height":1000,"url":"https:\/\/klaster.it\/wp-content\/uploads\/2020\/12\/kontakt.jpg","type":"image\/jpeg"}],"author":"Magdalena \u0141awicka","twitter_card":"summary_large_image","twitter_misc":{"Written by":"Magdalena \u0141awicka","Est. reading time":"1 minute"},"schema":{"@context":"https:\/\/schema.org","@graph":[{"@type":"Article","@id":"https:\/\/klaster.it\/en\/2021\/06\/15514\/#article","isPartOf":{"@id":"https:\/\/klaster.it\/en\/2021\/06\/15514\/"},"author":{"name":"Magdalena \u0141awicka","@id":"https:\/\/klaster.it\/#\/schema\/person\/f49bfe043fa87c7cffc9bf10464673dd"},"headline":"No title","datePublished":"2021-06-28T11:30:44+00:00","mainEntityOfPage":{"@id":"https:\/\/klaster.it\/en\/2021\/06\/15514\/"},"wordCount":178,"publisher":{"@id":"https:\/\/klaster.it\/#organization"},"articleSection":["Bez kategorii"],"inLanguage":"en-US"},{"@type":"WebPage","@id":"https:\/\/klaster.it\/en\/2021\/06\/15514\/","url":"https:\/\/klaster.it\/en\/2021\/06\/15514\/","name":"- Klaster IT","isPartOf":{"@id":"https:\/\/klaster.it\/#website"},"datePublished":"2021-06-28T11:30:44+00:00","inLanguage":"en-US","potentialAction":[{"@type":"ReadAction","target":["https:\/\/klaster.it\/en\/2021\/06\/15514\/"]}]},{"@type":"WebSite","@id":"https:\/\/klaster.it\/#website","url":"https:\/\/klaster.it\/","name":"Klaster IT","description":"Kolejna witryna oparta na WordPressie","publisher":{"@id":"https:\/\/klaster.it\/#organization"},"potentialAction":[{"@type":"SearchAction","target":{"@type":"EntryPoint","urlTemplate":"https:\/\/klaster.it\/?s={search_term_string}"},"query-input":{"@type":"PropertyValueSpecification","valueRequired":true,"valueName":"search_term_string"}}],"inLanguage":"en-US"},{"@type":"Organization","@id":"https:\/\/klaster.it\/#organization","name":"Klaster IT","url":"https:\/\/klaster.it\/","logo":{"@type":"ImageObject","inLanguage":"en-US","@id":"https:\/\/klaster.it\/#\/schema\/logo\/image\/","url":"https:\/\/klaster.it\/wp-content\/uploads\/2021\/11\/Klaster-IT_logo-poziome.png","contentUrl":"https:\/\/klaster.it\/wp-content\/uploads\/2021\/11\/Klaster-IT_logo-poziome.png","width":2094,"height":297,"caption":"Klaster IT"},"image":{"@id":"https:\/\/klaster.it\/#\/schema\/logo\/image\/"},"sameAs":["https:\/\/www.facebook.com\/KlasterICTPomorzeZachodnie\/","https:\/\/www.linkedin.com\/company\/west-pomeranian-ict-cluster\/"]},{"@type":"Person","@id":"https:\/\/klaster.it\/#\/schema\/person\/f49bfe043fa87c7cffc9bf10464673dd","name":"Magdalena \u0141awicka","image":{"@type":"ImageObject","inLanguage":"en-US","@id":"https:\/\/secure.gravatar.com\/avatar\/bb3c2a0a061b4080c0682e77e06dddedce196362ccb9ebb7df87f0a5a446f9c6?s=96&d=mm&r=g","url":"https:\/\/secure.gravatar.com\/avatar\/bb3c2a0a061b4080c0682e77e06dddedce196362ccb9ebb7df87f0a5a446f9c6?s=96&d=mm&r=g","contentUrl":"https:\/\/secure.gravatar.com\/avatar\/bb3c2a0a061b4080c0682e77e06dddedce196362ccb9ebb7df87f0a5a446f9c6?s=96&d=mm&r=g","caption":"Magdalena \u0141awicka"}}]}},"_links":{"self":[{"href":"https:\/\/klaster.it\/en\/wp-json\/wp\/v2\/posts\/15514","targetHints":{"allow":["GET"]}}],"collection":[{"href":"https:\/\/klaster.it\/en\/wp-json\/wp\/v2\/posts"}],"about":[{"href":"https:\/\/klaster.it\/en\/wp-json\/wp\/v2\/types\/post"}],"author":[{"embeddable":true,"href":"https:\/\/klaster.it\/en\/wp-json\/wp\/v2\/users\/3"}],"replies":[{"embeddable":true,"href":"https:\/\/klaster.it\/en\/wp-json\/wp\/v2\/comments?post=15514"}],"version-history":[{"count":2,"href":"https:\/\/klaster.it\/en\/wp-json\/wp\/v2\/posts\/15514\/revisions"}],"predecessor-version":[{"id":15518,"href":"https:\/\/klaster.it\/en\/wp-json\/wp\/v2\/posts\/15514\/revisions\/15518"}],"wp:attachment":[{"href":"https:\/\/klaster.it\/en\/wp-json\/wp\/v2\/media?parent=15514"}],"wp:term":[{"taxonomy":"category","embeddable":true,"href":"https:\/\/klaster.it\/en\/wp-json\/wp\/v2\/categories?post=15514"},{"taxonomy":"post_tag","embeddable":true,"href":"https:\/\/klaster.it\/en\/wp-json\/wp\/v2\/tags?post=15514"}],"curies":[{"name":"wp","href":"https:\/\/api.w.org\/{rel}","templated":true}]}}