{"id":21541,"date":"2023-07-19T16:07:41","date_gmt":"2023-07-19T14:07:41","guid":{"rendered":"https:\/\/klaster.it\/?p=21541"},"modified":"2023-07-20T11:43:09","modified_gmt":"2023-07-20T09:43:09","slug":"21-06-2023-ai-connect-education-and-business-of-the-future","status":"publish","type":"post","link":"https:\/\/klaster.it\/en\/2023\/07\/21-06-2023-ai-connect-education-and-business-of-the-future\/","title":{"rendered":"[21.06.2023] AI-CONNECT: Education and Business of the Future"},"content":{"rendered":"<p><span style=\"color: #336699;\"><strong>&#8220;AI-Connect: Education and Business of the Future&#8221;<\/strong><\/span><\/p>\n<p>On June 21, the <span style=\"color: #336699;\"><strong>&#8220;AI-Connect: Education and Business of the Future&#8221;<\/strong> <\/span>conference was held.\u00a0 We organized it together with <a href=\"https:\/\/www.linkedin.com\/company\/enovation-polska\/\">Enovation Polska<\/a>,<br \/>\n<a href=\"https:\/\/www.linkedin.com\/company\/grupa-it\/\">Grupa.IT<\/a>, <a href=\"https:\/\/www.linkedin.com\/company\/technopark-pomerania\/\">Technopark Pomerania<\/a> oraz <a href=\"https:\/\/www.linkedin.com\/company\/zachodniopomorska-szkola-biznesu\/?lipi=urn%3Ali%3Apage%3Ad_flagship3_company_admin%3BqG6qSa8RTe663%2BqaGUB6bQ%3D%3D\">Zachodniopomorsk\u0105 Szko\u0142\u0119 Biznesu &#8211; Akademia Nauk Stosowanych<\/a>.<\/p>\n<p>The event was attended by about 250 people (including over 130 stationary), and among the speakers there were even people from distant corners of the world who came to us or connected online.<\/p>\n<p>As a reminder, we present you a list of all speeches on this day:<\/p>\n<p>1. Pragmatic AI: How Artificial Intelligence Will Change Your Business? (lecture in English) &#8211; <a href=\"https:\/\/www.linkedin.com\/in\/davidkerrigan\/\">David Kerrigan<\/a><br \/>\n2. Practical application of artificial intelligence in e-learning &#8211; <a href=\"https:\/\/www.linkedin.com\/in\/rubyist\/\">Tomasz Muras,<\/a>\u00a0Enovation<br \/>\n3. Data Science and AI in business &#8211; <a href=\"https:\/\/www.linkedin.com\/in\/michalszczecinski\/\">Micha\u0142 Szczeci\u0144ski<\/a>, Google<br \/>\n4. Examples of AI implementation in business processes &#8211; <a href=\"https:\/\/www.linkedin.com\/in\/wisniewskikrzysztof\/\">Krzysztof Wi\u015bniewski<\/a>, Grupa.IT<br \/>\n5. Development of AI in the field of education. Evolution or revolution of the education model? &#8211; dr <a href=\"https:\/\/www.linkedin.com\/in\/pawel-wloch-phd-934986a1\/\">Pawe\u0142 W\u0142och<\/a>, ZPSB<br \/>\n6. Artificial intelligence in education: thrilling or terrifying? (lecture in English) &#8211; <a href=\"https:\/\/www.linkedin.com\/in\/davidkerrigan\/\">David Kerrigan<\/a><br \/>\n7. AI in Education: What&#8217;s Really Changing? &#8211; <a href=\"https:\/\/www.linkedin.com\/in\/joanna-mytnik-4657141a6\/\">prof. Joanna Mytnik<\/a>, Gda\u0144sk University of Technology<br \/>\n8. How to control artificial intelligence? &#8211; <a href=\"https:\/\/www.linkedin.com\/in\/maciej-niemir-a3a0691\/\">dr Maciej Niemir<\/a>, Poznan University of Technology<br \/>\n9. A look into the future: The role of artificial intelligence in the fight against cyber threats &#8211; <a href=\"https:\/\/www.linkedin.com\/in\/paulajanuszkiewicz\/\">Paula Januszkiewicz<\/a>, cybersecurity<br \/>\nexpert, founder of CQURE Inc. and CQURE Academy<\/p>\n<p>We invite you to visit the official website of the conference: <a href=\"http:\/\/www.ai-connect.pl\">www.ai-connect.pl\u00a0<\/a><br \/>\nThere you will find e.g. photos, video recording of the entire conference and individual lectures.<\/p>\n<p>The event was very positively received, so we will be thinking about the next editions \ud83d\ude42<br \/>\nWe also encourage you to follow our social media profiles, where we will keep you informed about the next editions of this event.<\/p>\n<p>Thank you for being with us!<\/p>\n<p><img fetchpriority=\"high\" decoding=\"async\" class=\"alignnone wp-image-21544\" src=\"https:\/\/klaster.it\/wp-content\/uploads\/2023\/07\/1687445769314.jpg\" alt=\"\" width=\"894\" height=\"289\" srcset=\"https:\/\/klaster.it\/wp-content\/uploads\/2023\/07\/1687445769314.jpg 1800w, https:\/\/klaster.it\/wp-content\/uploads\/2023\/07\/1687445769314-300x97.jpg 300w, https:\/\/klaster.it\/wp-content\/uploads\/2023\/07\/1687445769314-1024x331.jpg 1024w, https:\/\/klaster.it\/wp-content\/uploads\/2023\/07\/1687445769314-768x248.jpg 768w, https:\/\/klaster.it\/wp-content\/uploads\/2023\/07\/1687445769314-1536x497.jpg 1536w\" sizes=\"(max-width: 894px) 100vw, 894px\" \/><\/p>\n<p><img decoding=\"async\" class=\"alignnone wp-image-21556\" src=\"https:\/\/klaster.it\/wp-content\/uploads\/2023\/07\/IMG_8085-1.jpg\" alt=\"\" width=\"894\" height=\"670\" srcset=\"https:\/\/klaster.it\/wp-content\/uploads\/2023\/07\/IMG_8085-1.jpg 1500w, https:\/\/klaster.it\/wp-content\/uploads\/2023\/07\/IMG_8085-1-300x225.jpg 300w, https:\/\/klaster.it\/wp-content\/uploads\/2023\/07\/IMG_8085-1-1024x768.jpg 1024w, https:\/\/klaster.it\/wp-content\/uploads\/2023\/07\/IMG_8085-1-768x576.jpg 768w\" sizes=\"(max-width: 894px) 100vw, 894px\" \/><\/p>\n<p><img decoding=\"async\" class=\"alignnone wp-image-21552\" src=\"https:\/\/klaster.it\/wp-content\/uploads\/2023\/07\/IMG_8106.jpg\" alt=\"\" width=\"894\" height=\"555\" srcset=\"https:\/\/klaster.it\/wp-content\/uploads\/2023\/07\/IMG_8106.jpg 1500w, https:\/\/klaster.it\/wp-content\/uploads\/2023\/07\/IMG_8106-300x186.jpg 300w, https:\/\/klaster.it\/wp-content\/uploads\/2023\/07\/IMG_8106-1024x636.jpg 1024w, https:\/\/klaster.it\/wp-content\/uploads\/2023\/07\/IMG_8106-768x477.jpg 768w, https:\/\/klaster.it\/wp-content\/uploads\/2023\/07\/IMG_8106-255x157.jpg 255w\" sizes=\"(max-width: 894px) 100vw, 894px\" \/><\/p>\n<p><img loading=\"lazy\" decoding=\"async\" class=\"alignnone wp-image-21550\" src=\"https:\/\/klaster.it\/wp-content\/uploads\/2023\/07\/IMG_8145.jpg\" alt=\"\" width=\"894\" height=\"701\" srcset=\"https:\/\/klaster.it\/wp-content\/uploads\/2023\/07\/IMG_8145.jpg 1500w, https:\/\/klaster.it\/wp-content\/uploads\/2023\/07\/IMG_8145-300x235.jpg 300w, https:\/\/klaster.it\/wp-content\/uploads\/2023\/07\/IMG_8145-1024x802.jpg 1024w, https:\/\/klaster.it\/wp-content\/uploads\/2023\/07\/IMG_8145-768x602.jpg 768w\" sizes=\"(max-width: 894px) 100vw, 894px\" \/><\/p>\n<p>&nbsp;<\/p>\n<p>&nbsp;<\/p>\n","protected":false},"excerpt":{"rendered":"<p>&#8220;AI-Connect: Education and Business of the Future&#8221; On June 21, the &#8220;AI-Connect: Education and Business of the Future&#8221; conference was held.\u00a0 We organized it together with Enovation Polska, Grupa.IT, Technopark Pomerania oraz Zachodniopomorsk\u0105 Szko\u0142\u0119 Biznesu &#8211; Akademia Nauk Stosowanych. The event was attended by about 250 people (including over 130 stationary), and among the speakers&#8230;<\/p>\n","protected":false},"author":6,"featured_media":21377,"comment_status":"closed","ping_status":"closed","sticky":false,"template":"","format":"standard","meta":{"footnotes":""},"categories":[123,40,10],"tags":[],"class_list":["post-21541","post","type-post","status-publish","format-standard","has-post-thumbnail","hentry","category-events","category-news","category-uncategorized"],"yoast_head":"<!-- This site is optimized with the Yoast SEO plugin v27.4 - https:\/\/yoast.com\/product\/yoast-seo-wordpress\/ -->\n<title>[21.06.2023] AI-CONNECT: Education and Business of the Future - Klaster IT<\/title>\n<meta name=\"robots\" content=\"index, follow, max-snippet:-1, max-image-preview:large, max-video-preview:-1\" \/>\n<link rel=\"canonical\" href=\"https:\/\/klaster.it\/en\/2023\/07\/21-06-2023-ai-connect-education-and-business-of-the-future\/\" \/>\n<meta property=\"og:locale\" content=\"en_US\" \/>\n<meta property=\"og:type\" content=\"article\" \/>\n<meta property=\"og:title\" content=\"[21.06.2023] AI-CONNECT: Education and Business of the Future - Klaster IT\" \/>\n<meta property=\"og:description\" content=\"&#8220;AI-Connect: Education and Business of the Future&#8221; On June 21, the &#8220;AI-Connect: Education and Business of the Future&#8221; conference was held.\u00a0 We organized it together with Enovation Polska, Grupa.IT, Technopark Pomerania oraz Zachodniopomorsk\u0105 Szko\u0142\u0119 Biznesu &#8211; Akademia Nauk Stosowanych. The event was attended by about 250 people (including over 130 stationary), and among the speakers...\" \/>\n<meta property=\"og:url\" content=\"https:\/\/klaster.it\/en\/2023\/07\/21-06-2023-ai-connect-education-and-business-of-the-future\/\" \/>\n<meta property=\"og:site_name\" content=\"Klaster IT\" \/>\n<meta property=\"article:publisher\" content=\"https:\/\/www.facebook.com\/KlasterICTPomorzeZachodnie\/\" \/>\n<meta property=\"article:published_time\" content=\"2023-07-19T14:07:41+00:00\" \/>\n<meta property=\"article:modified_time\" content=\"2023-07-20T09:43:09+00:00\" \/>\n<meta property=\"og:image\" content=\"https:\/\/klaster.it\/wp-content\/uploads\/2023\/05\/landpage.png\" \/>\n\t<meta property=\"og:image:width\" content=\"1200\" \/>\n\t<meta property=\"og:image:height\" content=\"675\" \/>\n\t<meta property=\"og:image:type\" content=\"image\/png\" \/>\n<meta name=\"author\" content=\"Monika Duszkiewicz\" \/>\n<meta name=\"twitter:card\" content=\"summary_large_image\" \/>\n<meta name=\"twitter:label1\" content=\"Written by\" \/>\n\t<meta name=\"twitter:data1\" content=\"Monika Duszkiewicz\" \/>\n\t<meta name=\"twitter:label2\" content=\"Est. reading time\" \/>\n\t<meta name=\"twitter:data2\" content=\"3 minutes\" \/>\n<script type=\"application\/ld+json\" class=\"yoast-schema-graph\">{\"@context\":\"https:\\\/\\\/schema.org\",\"@graph\":[{\"@type\":\"Article\",\"@id\":\"https:\\\/\\\/klaster.it\\\/en\\\/2023\\\/07\\\/21-06-2023-ai-connect-education-and-business-of-the-future\\\/#article\",\"isPartOf\":{\"@id\":\"https:\\\/\\\/klaster.it\\\/en\\\/2023\\\/07\\\/21-06-2023-ai-connect-education-and-business-of-the-future\\\/\"},\"author\":{\"name\":\"Monika Duszkiewicz\",\"@id\":\"https:\\\/\\\/klaster.it\\\/#\\\/schema\\\/person\\\/141195db96c0502b0d487423fe51d31f\"},\"headline\":\"[21.06.2023] AI-CONNECT: Education and Business of the Future\",\"datePublished\":\"2023-07-19T14:07:41+00:00\",\"dateModified\":\"2023-07-20T09:43:09+00:00\",\"mainEntityOfPage\":{\"@id\":\"https:\\\/\\\/klaster.it\\\/en\\\/2023\\\/07\\\/21-06-2023-ai-connect-education-and-business-of-the-future\\\/\"},\"wordCount\":307,\"publisher\":{\"@id\":\"https:\\\/\\\/klaster.it\\\/#organization\"},\"image\":{\"@id\":\"https:\\\/\\\/klaster.it\\\/en\\\/2023\\\/07\\\/21-06-2023-ai-connect-education-and-business-of-the-future\\\/#primaryimage\"},\"thumbnailUrl\":\"https:\\\/\\\/klaster.it\\\/wp-content\\\/uploads\\\/2023\\\/05\\\/landpage.png\",\"articleSection\":[\"events\",\"News\"],\"inLanguage\":\"en-US\"},{\"@type\":\"WebPage\",\"@id\":\"https:\\\/\\\/klaster.it\\\/en\\\/2023\\\/07\\\/21-06-2023-ai-connect-education-and-business-of-the-future\\\/\",\"url\":\"https:\\\/\\\/klaster.it\\\/en\\\/2023\\\/07\\\/21-06-2023-ai-connect-education-and-business-of-the-future\\\/\",\"name\":\"[21.06.2023] AI-CONNECT: Education and Business of the Future - Klaster IT\",\"isPartOf\":{\"@id\":\"https:\\\/\\\/klaster.it\\\/#website\"},\"primaryImageOfPage\":{\"@id\":\"https:\\\/\\\/klaster.it\\\/en\\\/2023\\\/07\\\/21-06-2023-ai-connect-education-and-business-of-the-future\\\/#primaryimage\"},\"image\":{\"@id\":\"https:\\\/\\\/klaster.it\\\/en\\\/2023\\\/07\\\/21-06-2023-ai-connect-education-and-business-of-the-future\\\/#primaryimage\"},\"thumbnailUrl\":\"https:\\\/\\\/klaster.it\\\/wp-content\\\/uploads\\\/2023\\\/05\\\/landpage.png\",\"datePublished\":\"2023-07-19T14:07:41+00:00\",\"dateModified\":\"2023-07-20T09:43:09+00:00\",\"breadcrumb\":{\"@id\":\"https:\\\/\\\/klaster.it\\\/en\\\/2023\\\/07\\\/21-06-2023-ai-connect-education-and-business-of-the-future\\\/#breadcrumb\"},\"inLanguage\":\"en-US\",\"potentialAction\":[{\"@type\":\"ReadAction\",\"target\":[\"https:\\\/\\\/klaster.it\\\/en\\\/2023\\\/07\\\/21-06-2023-ai-connect-education-and-business-of-the-future\\\/\"]}]},{\"@type\":\"ImageObject\",\"inLanguage\":\"en-US\",\"@id\":\"https:\\\/\\\/klaster.it\\\/en\\\/2023\\\/07\\\/21-06-2023-ai-connect-education-and-business-of-the-future\\\/#primaryimage\",\"url\":\"https:\\\/\\\/klaster.it\\\/wp-content\\\/uploads\\\/2023\\\/05\\\/landpage.png\",\"contentUrl\":\"https:\\\/\\\/klaster.it\\\/wp-content\\\/uploads\\\/2023\\\/05\\\/landpage.png\",\"width\":1200,\"height\":675},{\"@type\":\"BreadcrumbList\",\"@id\":\"https:\\\/\\\/klaster.it\\\/en\\\/2023\\\/07\\\/21-06-2023-ai-connect-education-and-business-of-the-future\\\/#breadcrumb\",\"itemListElement\":[{\"@type\":\"ListItem\",\"position\":1,\"name\":\"Home\",\"item\":\"https:\\\/\\\/klaster.it\\\/en\\\/home\\\/\"},{\"@type\":\"ListItem\",\"position\":2,\"name\":\"[21.06.2023] AI-CONNECT: Education and Business of the Future\"}]},{\"@type\":\"WebSite\",\"@id\":\"https:\\\/\\\/klaster.it\\\/#website\",\"url\":\"https:\\\/\\\/klaster.it\\\/\",\"name\":\"Klaster IT\",\"description\":\"Kolejna witryna oparta na WordPressie\",\"publisher\":{\"@id\":\"https:\\\/\\\/klaster.it\\\/#organization\"},\"potentialAction\":[{\"@type\":\"SearchAction\",\"target\":{\"@type\":\"EntryPoint\",\"urlTemplate\":\"https:\\\/\\\/klaster.it\\\/?s={search_term_string}\"},\"query-input\":{\"@type\":\"PropertyValueSpecification\",\"valueRequired\":true,\"valueName\":\"search_term_string\"}}],\"inLanguage\":\"en-US\"},{\"@type\":\"Organization\",\"@id\":\"https:\\\/\\\/klaster.it\\\/#organization\",\"name\":\"Klaster IT\",\"url\":\"https:\\\/\\\/klaster.it\\\/\",\"logo\":{\"@type\":\"ImageObject\",\"inLanguage\":\"en-US\",\"@id\":\"https:\\\/\\\/klaster.it\\\/#\\\/schema\\\/logo\\\/image\\\/\",\"url\":\"https:\\\/\\\/klaster.it\\\/wp-content\\\/uploads\\\/2021\\\/11\\\/Klaster-IT_logo-poziome.png\",\"contentUrl\":\"https:\\\/\\\/klaster.it\\\/wp-content\\\/uploads\\\/2021\\\/11\\\/Klaster-IT_logo-poziome.png\",\"width\":2094,\"height\":297,\"caption\":\"Klaster IT\"},\"image\":{\"@id\":\"https:\\\/\\\/klaster.it\\\/#\\\/schema\\\/logo\\\/image\\\/\"},\"sameAs\":[\"https:\\\/\\\/www.facebook.com\\\/KlasterICTPomorzeZachodnie\\\/\",\"https:\\\/\\\/www.linkedin.com\\\/company\\\/west-pomeranian-ict-cluster\\\/\"]},{\"@type\":\"Person\",\"@id\":\"https:\\\/\\\/klaster.it\\\/#\\\/schema\\\/person\\\/141195db96c0502b0d487423fe51d31f\",\"name\":\"Monika Duszkiewicz\",\"image\":{\"@type\":\"ImageObject\",\"inLanguage\":\"en-US\",\"@id\":\"https:\\\/\\\/secure.gravatar.com\\\/avatar\\\/78f1c1a782bf2534a1074f0dc829c5f6f316f465fee9541bdc3adcd04f50c182?s=96&d=mm&r=g\",\"url\":\"https:\\\/\\\/secure.gravatar.com\\\/avatar\\\/78f1c1a782bf2534a1074f0dc829c5f6f316f465fee9541bdc3adcd04f50c182?s=96&d=mm&r=g\",\"contentUrl\":\"https:\\\/\\\/secure.gravatar.com\\\/avatar\\\/78f1c1a782bf2534a1074f0dc829c5f6f316f465fee9541bdc3adcd04f50c182?s=96&d=mm&r=g\",\"caption\":\"Monika Duszkiewicz\"}}]}<\/script>\n<!-- \/ Yoast SEO plugin. -->","yoast_head_json":{"title":"[21.06.2023] AI-CONNECT: Education and Business of the Future - Klaster IT","robots":{"index":"index","follow":"follow","max-snippet":"max-snippet:-1","max-image-preview":"max-image-preview:large","max-video-preview":"max-video-preview:-1"},"canonical":"https:\/\/klaster.it\/en\/2023\/07\/21-06-2023-ai-connect-education-and-business-of-the-future\/","og_locale":"en_US","og_type":"article","og_title":"[21.06.2023] AI-CONNECT: Education and Business of the Future - Klaster IT","og_description":"&#8220;AI-Connect: Education and Business of the Future&#8221; On June 21, the &#8220;AI-Connect: Education and Business of the Future&#8221; conference was held.\u00a0 We organized it together with Enovation Polska, Grupa.IT, Technopark Pomerania oraz Zachodniopomorsk\u0105 Szko\u0142\u0119 Biznesu &#8211; Akademia Nauk Stosowanych. The event was attended by about 250 people (including over 130 stationary), and among the speakers...","og_url":"https:\/\/klaster.it\/en\/2023\/07\/21-06-2023-ai-connect-education-and-business-of-the-future\/","og_site_name":"Klaster IT","article_publisher":"https:\/\/www.facebook.com\/KlasterICTPomorzeZachodnie\/","article_published_time":"2023-07-19T14:07:41+00:00","article_modified_time":"2023-07-20T09:43:09+00:00","og_image":[{"width":1200,"height":675,"url":"https:\/\/klaster.it\/wp-content\/uploads\/2023\/05\/landpage.png","type":"image\/png"}],"author":"Monika Duszkiewicz","twitter_card":"summary_large_image","twitter_misc":{"Written by":"Monika Duszkiewicz","Est. reading time":"3 minutes"},"schema":{"@context":"https:\/\/schema.org","@graph":[{"@type":"Article","@id":"https:\/\/klaster.it\/en\/2023\/07\/21-06-2023-ai-connect-education-and-business-of-the-future\/#article","isPartOf":{"@id":"https:\/\/klaster.it\/en\/2023\/07\/21-06-2023-ai-connect-education-and-business-of-the-future\/"},"author":{"name":"Monika Duszkiewicz","@id":"https:\/\/klaster.it\/#\/schema\/person\/141195db96c0502b0d487423fe51d31f"},"headline":"[21.06.2023] AI-CONNECT: Education and Business of the Future","datePublished":"2023-07-19T14:07:41+00:00","dateModified":"2023-07-20T09:43:09+00:00","mainEntityOfPage":{"@id":"https:\/\/klaster.it\/en\/2023\/07\/21-06-2023-ai-connect-education-and-business-of-the-future\/"},"wordCount":307,"publisher":{"@id":"https:\/\/klaster.it\/#organization"},"image":{"@id":"https:\/\/klaster.it\/en\/2023\/07\/21-06-2023-ai-connect-education-and-business-of-the-future\/#primaryimage"},"thumbnailUrl":"https:\/\/klaster.it\/wp-content\/uploads\/2023\/05\/landpage.png","articleSection":["events","News"],"inLanguage":"en-US"},{"@type":"WebPage","@id":"https:\/\/klaster.it\/en\/2023\/07\/21-06-2023-ai-connect-education-and-business-of-the-future\/","url":"https:\/\/klaster.it\/en\/2023\/07\/21-06-2023-ai-connect-education-and-business-of-the-future\/","name":"[21.06.2023] AI-CONNECT: Education and Business of the Future - Klaster IT","isPartOf":{"@id":"https:\/\/klaster.it\/#website"},"primaryImageOfPage":{"@id":"https:\/\/klaster.it\/en\/2023\/07\/21-06-2023-ai-connect-education-and-business-of-the-future\/#primaryimage"},"image":{"@id":"https:\/\/klaster.it\/en\/2023\/07\/21-06-2023-ai-connect-education-and-business-of-the-future\/#primaryimage"},"thumbnailUrl":"https:\/\/klaster.it\/wp-content\/uploads\/2023\/05\/landpage.png","datePublished":"2023-07-19T14:07:41+00:00","dateModified":"2023-07-20T09:43:09+00:00","breadcrumb":{"@id":"https:\/\/klaster.it\/en\/2023\/07\/21-06-2023-ai-connect-education-and-business-of-the-future\/#breadcrumb"},"inLanguage":"en-US","potentialAction":[{"@type":"ReadAction","target":["https:\/\/klaster.it\/en\/2023\/07\/21-06-2023-ai-connect-education-and-business-of-the-future\/"]}]},{"@type":"ImageObject","inLanguage":"en-US","@id":"https:\/\/klaster.it\/en\/2023\/07\/21-06-2023-ai-connect-education-and-business-of-the-future\/#primaryimage","url":"https:\/\/klaster.it\/wp-content\/uploads\/2023\/05\/landpage.png","contentUrl":"https:\/\/klaster.it\/wp-content\/uploads\/2023\/05\/landpage.png","width":1200,"height":675},{"@type":"BreadcrumbList","@id":"https:\/\/klaster.it\/en\/2023\/07\/21-06-2023-ai-connect-education-and-business-of-the-future\/#breadcrumb","itemListElement":[{"@type":"ListItem","position":1,"name":"Home","item":"https:\/\/klaster.it\/en\/home\/"},{"@type":"ListItem","position":2,"name":"[21.06.2023] AI-CONNECT: Education and Business of the Future"}]},{"@type":"WebSite","@id":"https:\/\/klaster.it\/#website","url":"https:\/\/klaster.it\/","name":"Klaster IT","description":"Kolejna witryna oparta na WordPressie","publisher":{"@id":"https:\/\/klaster.it\/#organization"},"potentialAction":[{"@type":"SearchAction","target":{"@type":"EntryPoint","urlTemplate":"https:\/\/klaster.it\/?s={search_term_string}"},"query-input":{"@type":"PropertyValueSpecification","valueRequired":true,"valueName":"search_term_string"}}],"inLanguage":"en-US"},{"@type":"Organization","@id":"https:\/\/klaster.it\/#organization","name":"Klaster IT","url":"https:\/\/klaster.it\/","logo":{"@type":"ImageObject","inLanguage":"en-US","@id":"https:\/\/klaster.it\/#\/schema\/logo\/image\/","url":"https:\/\/klaster.it\/wp-content\/uploads\/2021\/11\/Klaster-IT_logo-poziome.png","contentUrl":"https:\/\/klaster.it\/wp-content\/uploads\/2021\/11\/Klaster-IT_logo-poziome.png","width":2094,"height":297,"caption":"Klaster IT"},"image":{"@id":"https:\/\/klaster.it\/#\/schema\/logo\/image\/"},"sameAs":["https:\/\/www.facebook.com\/KlasterICTPomorzeZachodnie\/","https:\/\/www.linkedin.com\/company\/west-pomeranian-ict-cluster\/"]},{"@type":"Person","@id":"https:\/\/klaster.it\/#\/schema\/person\/141195db96c0502b0d487423fe51d31f","name":"Monika Duszkiewicz","image":{"@type":"ImageObject","inLanguage":"en-US","@id":"https:\/\/secure.gravatar.com\/avatar\/78f1c1a782bf2534a1074f0dc829c5f6f316f465fee9541bdc3adcd04f50c182?s=96&d=mm&r=g","url":"https:\/\/secure.gravatar.com\/avatar\/78f1c1a782bf2534a1074f0dc829c5f6f316f465fee9541bdc3adcd04f50c182?s=96&d=mm&r=g","contentUrl":"https:\/\/secure.gravatar.com\/avatar\/78f1c1a782bf2534a1074f0dc829c5f6f316f465fee9541bdc3adcd04f50c182?s=96&d=mm&r=g","caption":"Monika Duszkiewicz"}}]}},"_links":{"self":[{"href":"https:\/\/klaster.it\/en\/wp-json\/wp\/v2\/posts\/21541","targetHints":{"allow":["GET"]}}],"collection":[{"href":"https:\/\/klaster.it\/en\/wp-json\/wp\/v2\/posts"}],"about":[{"href":"https:\/\/klaster.it\/en\/wp-json\/wp\/v2\/types\/post"}],"author":[{"embeddable":true,"href":"https:\/\/klaster.it\/en\/wp-json\/wp\/v2\/users\/6"}],"replies":[{"embeddable":true,"href":"https:\/\/klaster.it\/en\/wp-json\/wp\/v2\/comments?post=21541"}],"version-history":[{"count":11,"href":"https:\/\/klaster.it\/en\/wp-json\/wp\/v2\/posts\/21541\/revisions"}],"predecessor-version":[{"id":21563,"href":"https:\/\/klaster.it\/en\/wp-json\/wp\/v2\/posts\/21541\/revisions\/21563"}],"wp:featuredmedia":[{"embeddable":true,"href":"https:\/\/klaster.it\/en\/wp-json\/wp\/v2\/media\/21377"}],"wp:attachment":[{"href":"https:\/\/klaster.it\/en\/wp-json\/wp\/v2\/media?parent=21541"}],"wp:term":[{"taxonomy":"category","embeddable":true,"href":"https:\/\/klaster.it\/en\/wp-json\/wp\/v2\/categories?post=21541"},{"taxonomy":"post_tag","embeddable":true,"href":"https:\/\/klaster.it\/en\/wp-json\/wp\/v2\/tags?post=21541"}],"curies":[{"name":"wp","href":"https:\/\/api.w.org\/{rel}","templated":true}]}}