{"id":26228,"date":"2025-04-16T09:14:02","date_gmt":"2025-04-16T07:14:02","guid":{"rendered":"https:\/\/klaster.it\/2025\/04\/upskilling-course-and-creative-sprint-w-wilnie-prace-nad-projektem-t-a-b\/"},"modified":"2025-04-16T10:05:36","modified_gmt":"2025-04-16T08:05:36","slug":"upskilling-creative-sprint-vilnius-tab","status":"publish","type":"post","link":"https:\/\/klaster.it\/en\/2025\/04\/upskilling-creative-sprint-vilnius-tab\/","title":{"rendered":"Upskilling Course and Creative Sprint in Vilnius (Work on the T.A.B Project)"},"content":{"rendered":"<p><strong>Creativity, Technology, and Collaboration \u2013 A Report from Our Team\u2019s Participation in the T.A.B. Project.<\/strong><\/p>\n<p>Last week, <strong>Magdalena \u0141awicka<\/strong>,<strong> Monika Duszkiewicz<\/strong>, and our Cluster Expert <a href=\"https:\/\/www.linkedin.com\/in\/piotr-kr%C4%99%C5%BCel-5b391546\/\"><strong>Piotr Kr\u0119\u017cel<\/strong><\/a> from <a href=\"https:\/\/24fps.pl\/\"><strong>24fps.pl<\/strong><\/a>, represented us during meetings held as part of the international <a href=\"https:\/\/tabproject.org\/\"><strong>T.A.B. project \u2013 Innovation Hubs for Tech, Art, and Business<\/strong><\/a>. The meetings took place from <strong>April 8\u201311 at Talent Garden in Vilnius<\/strong>, bringing together participants from across the Baltic Sea region for the <strong>Upskilling Course and Creative Sprint<\/strong> event.<\/p>\n<p>This was already the third edition of such gatherings. Previous ones were held in Cannes and Karlskrona, focusing on artificial intelligence and virtual production in cinematography. This time, the emphasis was placed on skills development, co-creation, and regional innovation models.<\/p>\n<p data-start=\"688\" data-end=\"969\"><img fetchpriority=\"high\" decoding=\"async\" class=\"alignnone wp-image-26152\" src=\"https:\/\/klaster.it\/wp-content\/uploads\/2025\/04\/IMG-20250414-WA0032-1024x768.jpg\" alt=\"\" width=\"1048\" height=\"786\" srcset=\"https:\/\/klaster.it\/wp-content\/uploads\/2025\/04\/IMG-20250414-WA0032-1024x768.jpg 1024w, https:\/\/klaster.it\/wp-content\/uploads\/2025\/04\/IMG-20250414-WA0032-300x225.jpg 300w, https:\/\/klaster.it\/wp-content\/uploads\/2025\/04\/IMG-20250414-WA0032-768x576.jpg 768w, https:\/\/klaster.it\/wp-content\/uploads\/2025\/04\/IMG-20250414-WA0032-1536x1152.jpg 1536w, https:\/\/klaster.it\/wp-content\/uploads\/2025\/04\/IMG-20250414-WA0032.jpg 1600w\" sizes=\"(max-width: 1048px) 100vw, 1048px\" \/><\/p>\n<p>The event gathered <strong>40 participants<\/strong>, including representatives of Lithuanian governmental institutions such as<strong> the Ministry of the Economy and Innovation<\/strong>, <strong>the Ministry of Foreign Affairs<\/strong>, <strong>the VRM Project Management Agency<\/strong>, and <strong>local authorities from Rietavas<\/strong>. There was also a strong presence of international experts, including Danish artist <strong>Ren\u00e9 Holm<\/strong>, game and VR developer <strong>Vilius Petrauskas<\/strong>, virtual production specialist <strong>Leonardas Zilinskas<\/strong>, musician <strong>Vaidotas Valiukevi\u010dius<\/strong> from the band <strong>The Roop<\/strong>, and representatives of creative hubs such as <strong>Talent Garden Vilnius<\/strong> and L<strong>inkMen Factory<\/strong>.<\/p>\n<p data-start=\"971\" data-end=\"1564\"><img decoding=\"async\" class=\"alignnone wp-image-26156\" src=\"https:\/\/klaster.it\/wp-content\/uploads\/2025\/04\/Copy-of-IMG_7323-1024x680.jpg\" alt=\"\" width=\"1042\" height=\"692\" srcset=\"https:\/\/klaster.it\/wp-content\/uploads\/2025\/04\/Copy-of-IMG_7323-1024x680.jpg 1024w, https:\/\/klaster.it\/wp-content\/uploads\/2025\/04\/Copy-of-IMG_7323-300x199.jpg 300w, https:\/\/klaster.it\/wp-content\/uploads\/2025\/04\/Copy-of-IMG_7323-768x510.jpg 768w, https:\/\/klaster.it\/wp-content\/uploads\/2025\/04\/Copy-of-IMG_7323-1536x1020.jpg 1536w, https:\/\/klaster.it\/wp-content\/uploads\/2025\/04\/Copy-of-IMG_7323-2048x1359.jpg 2048w, https:\/\/klaster.it\/wp-content\/uploads\/2025\/04\/Copy-of-IMG_7323-365x243.jpg 365w\" sizes=\"(max-width: 1042px) 100vw, 1042px\" \/><\/p>\n<p><strong>The first day of the event<\/strong> began with workshops on soft skills and team building, led by <a href=\"https:\/\/www.linkedin.com\/in\/arvegard\/?lipi=urn%3Ali%3Apage%3Ad_flagship3_detail_base%3BrdIBcWRIRASh0iXWRU5xiA%3D%3D\"><strong>Sofia Arveg\u00e5rd<\/strong><\/a> \u2013 a Swedish expert in leadership and group dynamics. Participants explored various techniques supporting engagement and effective collaboration, while Sofia emphasized the importance of organizational culture as a key element of successful teams.<\/p>\n<p data-start=\"1566\" data-end=\"1951\"><img decoding=\"async\" class=\"alignnone wp-image-26162\" src=\"https:\/\/klaster.it\/wp-content\/uploads\/2025\/04\/Copy-of-IMG_7183-1024x815.jpg\" alt=\"\" width=\"1045\" height=\"831\" srcset=\"https:\/\/klaster.it\/wp-content\/uploads\/2025\/04\/Copy-of-IMG_7183-1024x815.jpg 1024w, https:\/\/klaster.it\/wp-content\/uploads\/2025\/04\/Copy-of-IMG_7183-300x239.jpg 300w, https:\/\/klaster.it\/wp-content\/uploads\/2025\/04\/Copy-of-IMG_7183-768x611.jpg 768w, https:\/\/klaster.it\/wp-content\/uploads\/2025\/04\/Copy-of-IMG_7183-1536x1223.jpg 1536w, https:\/\/klaster.it\/wp-content\/uploads\/2025\/04\/Copy-of-IMG_7183-2048x1630.jpg 2048w, https:\/\/klaster.it\/wp-content\/uploads\/2025\/04\/Copy-of-IMG_7183-340x270.jpg 340w\" sizes=\"(max-width: 1045px) 100vw, 1045px\" \/><\/p>\n<p data-start=\"1566\" data-end=\"1951\"><img decoding=\"async\" class=\"alignnone size-full wp-image-26166\" src=\"https:\/\/klaster.it\/wp-content\/uploads\/2025\/04\/IMG_6258.heic\" alt=\"\" \/><img loading=\"lazy\" decoding=\"async\" class=\"alignnone wp-image-26168\" src=\"https:\/\/klaster.it\/wp-content\/uploads\/2025\/04\/IMG-20250414-WA0036-1024x768.jpg\" alt=\"\" width=\"1044\" height=\"783\" srcset=\"https:\/\/klaster.it\/wp-content\/uploads\/2025\/04\/IMG-20250414-WA0036-1024x768.jpg 1024w, https:\/\/klaster.it\/wp-content\/uploads\/2025\/04\/IMG-20250414-WA0036-300x225.jpg 300w, https:\/\/klaster.it\/wp-content\/uploads\/2025\/04\/IMG-20250414-WA0036-768x576.jpg 768w, https:\/\/klaster.it\/wp-content\/uploads\/2025\/04\/IMG-20250414-WA0036-1536x1152.jpg 1536w, https:\/\/klaster.it\/wp-content\/uploads\/2025\/04\/IMG-20250414-WA0036.jpg 1600w\" sizes=\"(max-width: 1044px) 100vw, 1044px\" \/><\/p>\n<p>Next came an <strong>XR session<\/strong>, led by <strong>Vilius Petrauskas<\/strong> and <strong>Justina Silinikait\u0117<\/strong> from <strong>Muona Studio<\/strong>, showcasing behind-the-scenes insights into working with augmented reality technology.<\/p>\n<p data-start=\"1953\" data-end=\"2525\"><img loading=\"lazy\" decoding=\"async\" class=\"alignnone wp-image-26170\" src=\"https:\/\/klaster.it\/wp-content\/uploads\/2025\/04\/IMG-20250414-WA0041-1024x768.jpg\" alt=\"\" width=\"1043\" height=\"782\" srcset=\"https:\/\/klaster.it\/wp-content\/uploads\/2025\/04\/IMG-20250414-WA0041-1024x768.jpg 1024w, https:\/\/klaster.it\/wp-content\/uploads\/2025\/04\/IMG-20250414-WA0041-300x225.jpg 300w, https:\/\/klaster.it\/wp-content\/uploads\/2025\/04\/IMG-20250414-WA0041-768x576.jpg 768w, https:\/\/klaster.it\/wp-content\/uploads\/2025\/04\/IMG-20250414-WA0041-1536x1152.jpg 1536w, https:\/\/klaster.it\/wp-content\/uploads\/2025\/04\/IMG-20250414-WA0041.jpg 1600w\" sizes=\"(max-width: 1043px) 100vw, 1043px\" \/><\/p>\n<p data-start=\"1953\" data-end=\"2525\"><img loading=\"lazy\" decoding=\"async\" class=\"alignnone wp-image-26172\" src=\"https:\/\/klaster.it\/wp-content\/uploads\/2025\/04\/Zdjecie-WhatsApp-2025-04-13-o-19.15.07_4004e586-1024x768.jpg\" alt=\"\" width=\"1043\" height=\"782\" srcset=\"https:\/\/klaster.it\/wp-content\/uploads\/2025\/04\/Zdjecie-WhatsApp-2025-04-13-o-19.15.07_4004e586-1024x768.jpg 1024w, https:\/\/klaster.it\/wp-content\/uploads\/2025\/04\/Zdjecie-WhatsApp-2025-04-13-o-19.15.07_4004e586-300x225.jpg 300w, https:\/\/klaster.it\/wp-content\/uploads\/2025\/04\/Zdjecie-WhatsApp-2025-04-13-o-19.15.07_4004e586-768x576.jpg 768w, https:\/\/klaster.it\/wp-content\/uploads\/2025\/04\/Zdjecie-WhatsApp-2025-04-13-o-19.15.07_4004e586-1536x1152.jpg 1536w, https:\/\/klaster.it\/wp-content\/uploads\/2025\/04\/Zdjecie-WhatsApp-2025-04-13-o-19.15.07_4004e586.jpg 1600w\" sizes=\"(max-width: 1043px) 100vw, 1043px\" \/><\/p>\n<p data-start=\"1953\" data-end=\"2525\"><img loading=\"lazy\" decoding=\"async\" class=\"alignnone wp-image-26174\" src=\"https:\/\/klaster.it\/wp-content\/uploads\/2025\/04\/IMG-20250415-WA0002-1024x614.jpg\" alt=\"\" width=\"1042\" height=\"625\" srcset=\"https:\/\/klaster.it\/wp-content\/uploads\/2025\/04\/IMG-20250415-WA0002-1024x614.jpg 1024w, https:\/\/klaster.it\/wp-content\/uploads\/2025\/04\/IMG-20250415-WA0002-300x180.jpg 300w, https:\/\/klaster.it\/wp-content\/uploads\/2025\/04\/IMG-20250415-WA0002-768x460.jpg 768w, https:\/\/klaster.it\/wp-content\/uploads\/2025\/04\/IMG-20250415-WA0002-1536x921.jpg 1536w, https:\/\/klaster.it\/wp-content\/uploads\/2025\/04\/IMG-20250415-WA0002.jpg 1600w\" sizes=\"(max-width: 1042px) 100vw, 1042px\" \/><\/p>\n<p>The day concluded with a screening of the film <a href=\"https:\/\/angelutakais.lt\/\"><strong>Pasauli\u0173 Sutv\u0117rimas (Creation of Worlds)<\/strong><\/a>, which <strong>used VR<\/strong> <strong>technology to bring the art of Mikalojus Konstantinas \u010ciurlionis<\/strong> to life, offering a new technological perspective on his work. It perfectly reflects the T.A.B. project\u2019s core idea \u2013 combining art and technology to create new business and educational opportunities.<\/p>\n<p data-start=\"1953\" data-end=\"2525\">Dzie\u0144 zako\u0144czy\u0142 si\u0119 projekcj\u0105 filmu <a href=\"https:\/\/angelutakais.lt\/\"><strong data-start=\"2192\" data-end=\"2240\">\u201ePasauli\u0173 Sutv\u0117rimas\u201d (\u201eStworzenie \u015bwiat\u00f3w\u201d)<\/strong><\/a>, kt\u00f3ry \u2013 <strong>przy u\u017cyciu VR \u2013 o\u017cywi\u0142 sztuk\u0119 Mikalojusa Konstantinasa \u010ciurlionisa<\/strong>, prezentuj\u0105c jej nowe oblicze w technologicznej ods\u0142onie. By\u0142o to doskona\u0142e odzwierciedlenie idei projektu T.A.B., \u0142\u0105cz\u0105cej sztuk\u0119 i technologi\u0119 w celu tworzenia nowych mo\u017cliwo\u015bci biznesowych i edukacyjnych.<\/p>\n<p data-start=\"1953\" data-end=\"2525\"><img loading=\"lazy\" decoding=\"async\" class=\"alignnone wp-image-26176\" src=\"https:\/\/klaster.it\/wp-content\/uploads\/2025\/04\/IMG_6296-1024x667.jpg\" alt=\"\" width=\"1042\" height=\"679\" srcset=\"https:\/\/klaster.it\/wp-content\/uploads\/2025\/04\/IMG_6296-1024x667.jpg 1024w, https:\/\/klaster.it\/wp-content\/uploads\/2025\/04\/IMG_6296-300x196.jpg 300w, https:\/\/klaster.it\/wp-content\/uploads\/2025\/04\/IMG_6296-768x501.jpg 768w, https:\/\/klaster.it\/wp-content\/uploads\/2025\/04\/IMG_6296-1536x1001.jpg 1536w, https:\/\/klaster.it\/wp-content\/uploads\/2025\/04\/IMG_6296-2048x1335.jpg 2048w\" sizes=\"(max-width: 1042px) 100vw, 1042px\" \/><\/p>\n<p>In the following days, participants were divided into four project teams, each developing proposals for innovative initiatives tailored to the Tel\u0161iai region, focusing on the municipality of <strong>Rietavas<\/strong>.<\/p>\n<p><strong>Magda<\/strong> and <strong>Monika<\/strong> worked in a team led by <strong>Vaidotas Valiukevi\u010dius<\/strong>, the lead singer of <a href=\"https:\/\/www.theroop.com\/\"><strong>The Roop<\/strong><\/a>. Their concept, <strong>Creative Camp in Rietavas<\/strong>, envisions creating an international artist residency program based on local resources and collaboration with the community.<\/p>\n<p data-start=\"2527\" data-end=\"3215\"><img loading=\"lazy\" decoding=\"async\" class=\"alignnone wp-image-26178\" src=\"https:\/\/klaster.it\/wp-content\/uploads\/2025\/04\/IMG-20250415-WA0003-1024x637.jpg\" alt=\"\" width=\"1040\" height=\"647\" srcset=\"https:\/\/klaster.it\/wp-content\/uploads\/2025\/04\/IMG-20250415-WA0003-1024x637.jpg 1024w, https:\/\/klaster.it\/wp-content\/uploads\/2025\/04\/IMG-20250415-WA0003-300x187.jpg 300w, https:\/\/klaster.it\/wp-content\/uploads\/2025\/04\/IMG-20250415-WA0003-768x478.jpg 768w, https:\/\/klaster.it\/wp-content\/uploads\/2025\/04\/IMG-20250415-WA0003.jpg 1351w\" sizes=\"(max-width: 1040px) 100vw, 1040px\" \/><\/p>\n<p data-start=\"2527\" data-end=\"3215\"><img loading=\"lazy\" decoding=\"async\" class=\"alignnone wp-image-26180\" src=\"https:\/\/klaster.it\/wp-content\/uploads\/2025\/04\/IMG-20250414-WA0074-1024x768.jpg\" alt=\"\" width=\"1041\" height=\"781\" srcset=\"https:\/\/klaster.it\/wp-content\/uploads\/2025\/04\/IMG-20250414-WA0074-1024x768.jpg 1024w, https:\/\/klaster.it\/wp-content\/uploads\/2025\/04\/IMG-20250414-WA0074-300x225.jpg 300w, https:\/\/klaster.it\/wp-content\/uploads\/2025\/04\/IMG-20250414-WA0074-768x576.jpg 768w, https:\/\/klaster.it\/wp-content\/uploads\/2025\/04\/IMG-20250414-WA0074-1536x1152.jpg 1536w, https:\/\/klaster.it\/wp-content\/uploads\/2025\/04\/IMG-20250414-WA0074.jpg 1600w\" sizes=\"(max-width: 1041px) 100vw, 1041px\" \/><\/p>\n<p data-start=\"2527\" data-end=\"3215\">Meanwhile, <strong>Piotr Kr\u0119\u017cel<\/strong> contributed to the team <strong>Art Meets Innovation<\/strong>, which focused on designing a modern art exhibition that blends contemporary works with VR technology\u2014a project inspired by Ren\u00e9 Holm&#8217;s art<\/p>\n<p data-start=\"2527\" data-end=\"3215\"><img loading=\"lazy\" decoding=\"async\" class=\"alignnone wp-image-26182\" src=\"https:\/\/klaster.it\/wp-content\/uploads\/2025\/04\/Zdjecie-WhatsApp-2025-04-15-o-12.46.11_594a9520-1024x1024.jpg\" alt=\"\" width=\"1040\" height=\"1040\" srcset=\"https:\/\/klaster.it\/wp-content\/uploads\/2025\/04\/Zdjecie-WhatsApp-2025-04-15-o-12.46.11_594a9520-1024x1024.jpg 1024w, https:\/\/klaster.it\/wp-content\/uploads\/2025\/04\/Zdjecie-WhatsApp-2025-04-15-o-12.46.11_594a9520-300x300.jpg 300w, https:\/\/klaster.it\/wp-content\/uploads\/2025\/04\/Zdjecie-WhatsApp-2025-04-15-o-12.46.11_594a9520-150x150.jpg 150w, https:\/\/klaster.it\/wp-content\/uploads\/2025\/04\/Zdjecie-WhatsApp-2025-04-15-o-12.46.11_594a9520-768x769.jpg 768w, https:\/\/klaster.it\/wp-content\/uploads\/2025\/04\/Zdjecie-WhatsApp-2025-04-15-o-12.46.11_594a9520-500x500.jpg 500w, https:\/\/klaster.it\/wp-content\/uploads\/2025\/04\/Zdjecie-WhatsApp-2025-04-15-o-12.46.11_594a9520-1534x1536.jpg 1534w, https:\/\/klaster.it\/wp-content\/uploads\/2025\/04\/Zdjecie-WhatsApp-2025-04-15-o-12.46.11_594a9520-45x45.jpg 45w, https:\/\/klaster.it\/wp-content\/uploads\/2025\/04\/Zdjecie-WhatsApp-2025-04-15-o-12.46.11_594a9520.jpg 1598w\" sizes=\"(max-width: 1040px) 100vw, 1040px\" \/><\/p>\n<p data-start=\"2527\" data-end=\"3215\"><img loading=\"lazy\" decoding=\"async\" class=\"alignnone wp-image-26184\" src=\"https:\/\/klaster.it\/wp-content\/uploads\/2025\/04\/Zdjecie-WhatsApp-2025-04-15-o-12.34.37_36f2ec7b-1024x835.jpg\" alt=\"\" width=\"1038\" height=\"847\" srcset=\"https:\/\/klaster.it\/wp-content\/uploads\/2025\/04\/Zdjecie-WhatsApp-2025-04-15-o-12.34.37_36f2ec7b-1024x835.jpg 1024w, https:\/\/klaster.it\/wp-content\/uploads\/2025\/04\/Zdjecie-WhatsApp-2025-04-15-o-12.34.37_36f2ec7b-300x245.jpg 300w, https:\/\/klaster.it\/wp-content\/uploads\/2025\/04\/Zdjecie-WhatsApp-2025-04-15-o-12.34.37_36f2ec7b-768x627.jpg 768w, https:\/\/klaster.it\/wp-content\/uploads\/2025\/04\/Zdjecie-WhatsApp-2025-04-15-o-12.34.37_36f2ec7b.jpg 1200w\" sizes=\"(max-width: 1038px) 100vw, 1038px\" \/><\/p>\n<p>The remaining groups developed the concepts for the <strong>Rietavas Innovation Hub<\/strong> \u2013 a regional coworking center for SMEs and startups \u2013 and <strong>Discovering Oginski Heritage<\/strong> \u2013 an interactive, VR\/AR-based educational experience that brings the history and legacy of the Oginski family to life.<\/p>\n<p data-start=\"3217\" data-end=\"3523\"><img loading=\"lazy\" decoding=\"async\" class=\"alignnone wp-image-26186\" src=\"https:\/\/klaster.it\/wp-content\/uploads\/2025\/04\/IMG-20250414-WA0069-1024x768.jpg\" alt=\"\" width=\"1037\" height=\"778\" srcset=\"https:\/\/klaster.it\/wp-content\/uploads\/2025\/04\/IMG-20250414-WA0069-1024x768.jpg 1024w, https:\/\/klaster.it\/wp-content\/uploads\/2025\/04\/IMG-20250414-WA0069-300x225.jpg 300w, https:\/\/klaster.it\/wp-content\/uploads\/2025\/04\/IMG-20250414-WA0069-768x576.jpg 768w, https:\/\/klaster.it\/wp-content\/uploads\/2025\/04\/IMG-20250414-WA0069-1536x1152.jpg 1536w, https:\/\/klaster.it\/wp-content\/uploads\/2025\/04\/IMG-20250414-WA0069.jpg 1600w\" sizes=\"(max-width: 1037px) 100vw, 1037px\" \/><\/p>\n<p data-start=\"3217\" data-end=\"3523\"><img loading=\"lazy\" decoding=\"async\" class=\"alignnone wp-image-26188\" src=\"https:\/\/klaster.it\/wp-content\/uploads\/2025\/04\/Zdjecie-WhatsApp-2025-04-15-o-12.50.42_2c6eddbd-1024x653.jpg\" alt=\"\" width=\"1037\" height=\"661\" srcset=\"https:\/\/klaster.it\/wp-content\/uploads\/2025\/04\/Zdjecie-WhatsApp-2025-04-15-o-12.50.42_2c6eddbd-1024x653.jpg 1024w, https:\/\/klaster.it\/wp-content\/uploads\/2025\/04\/Zdjecie-WhatsApp-2025-04-15-o-12.50.42_2c6eddbd-300x191.jpg 300w, https:\/\/klaster.it\/wp-content\/uploads\/2025\/04\/Zdjecie-WhatsApp-2025-04-15-o-12.50.42_2c6eddbd-768x489.jpg 768w, https:\/\/klaster.it\/wp-content\/uploads\/2025\/04\/Zdjecie-WhatsApp-2025-04-15-o-12.50.42_2c6eddbd-1536x979.jpg 1536w, https:\/\/klaster.it\/wp-content\/uploads\/2025\/04\/Zdjecie-WhatsApp-2025-04-15-o-12.50.42_2c6eddbd.jpg 1599w\" sizes=\"(max-width: 1037px) 100vw, 1037px\" \/><\/p>\n<p>Each project addressed the real needs of local communities and demonstrated how technology and creativity can co-create the future of regional development. Our team&#8217;s involvement in these activities was inspiring and highly valuable, both in terms of knowledge exchange and the ongoing growth of our innovation-focused efforts.<\/p>\n<p>As proud partners of the T.A.B. project, <strong>we were honored to represent our Cluster among an international group of experts and practitioners<\/strong>. Participating in this event was an inspiring experience and a chance to have a tangible impact on developing innovative collaboration models between the creative, tech, and public sectors.<\/p>\n<p>It was an intense, creative, and significant time \u2013 full of new ideas, connections, and future directions.<\/p>\n<p>We look forward to the next steps in the project\u2019s development. Our sincere thanks go to everyone who participated in this truly inspiring event.<\/p>\n<p><strong>The event was financed by the T.A.B. Project (Interreg South Baltic).<\/strong><\/p>\n<p><img loading=\"lazy\" decoding=\"async\" class=\"alignnone wp-image-26194\" src=\"https:\/\/klaster.it\/wp-content\/uploads\/2025\/04\/IMG-20250409-WA0035-1024x951.jpg\" alt=\"\" width=\"901\" height=\"836\" srcset=\"https:\/\/klaster.it\/wp-content\/uploads\/2025\/04\/IMG-20250409-WA0035-1024x951.jpg 1024w, https:\/\/klaster.it\/wp-content\/uploads\/2025\/04\/IMG-20250409-WA0035-300x279.jpg 300w, https:\/\/klaster.it\/wp-content\/uploads\/2025\/04\/IMG-20250409-WA0035-768x713.jpg 768w, https:\/\/klaster.it\/wp-content\/uploads\/2025\/04\/IMG-20250409-WA0035.jpg 1536w\" sizes=\"(max-width: 901px) 100vw, 901px\" \/><\/p>\n<p>&nbsp;<\/p>\n<p><img loading=\"lazy\" decoding=\"async\" class=\"alignnone wp-image-26198\" src=\"https:\/\/klaster.it\/wp-content\/uploads\/2025\/04\/IMG-20250414-WA0033-1024x768.jpg\" alt=\"\" width=\"900\" height=\"675\" srcset=\"https:\/\/klaster.it\/wp-content\/uploads\/2025\/04\/IMG-20250414-WA0033-1024x768.jpg 1024w, https:\/\/klaster.it\/wp-content\/uploads\/2025\/04\/IMG-20250414-WA0033-300x225.jpg 300w, https:\/\/klaster.it\/wp-content\/uploads\/2025\/04\/IMG-20250414-WA0033-768x576.jpg 768w, https:\/\/klaster.it\/wp-content\/uploads\/2025\/04\/IMG-20250414-WA0033-1536x1152.jpg 1536w, https:\/\/klaster.it\/wp-content\/uploads\/2025\/04\/IMG-20250414-WA0033.jpg 1600w\" sizes=\"(max-width: 900px) 100vw, 900px\" \/><\/p>\n<p><img loading=\"lazy\" decoding=\"async\" class=\"alignnone wp-image-26196\" src=\"https:\/\/klaster.it\/wp-content\/uploads\/2025\/04\/IMG_6258-1-1024x609.jpg\" alt=\"\" width=\"899\" height=\"535\" srcset=\"https:\/\/klaster.it\/wp-content\/uploads\/2025\/04\/IMG_6258-1-1024x609.jpg 1024w, https:\/\/klaster.it\/wp-content\/uploads\/2025\/04\/IMG_6258-1-300x178.jpg 300w, https:\/\/klaster.it\/wp-content\/uploads\/2025\/04\/IMG_6258-1-768x456.jpg 768w, https:\/\/klaster.it\/wp-content\/uploads\/2025\/04\/IMG_6258-1-1536x913.jpg 1536w, https:\/\/klaster.it\/wp-content\/uploads\/2025\/04\/IMG_6258-1-2048x1217.jpg 2048w\" sizes=\"(max-width: 899px) 100vw, 899px\" \/><\/p>\n<p><img loading=\"lazy\" decoding=\"async\" class=\"alignnone wp-image-26201\" src=\"https:\/\/klaster.it\/wp-content\/uploads\/2025\/04\/IMG-20250414-WA0079-1024x768.jpg\" alt=\"\" width=\"895\" height=\"671\" srcset=\"https:\/\/klaster.it\/wp-content\/uploads\/2025\/04\/IMG-20250414-WA0079-1024x768.jpg 1024w, https:\/\/klaster.it\/wp-content\/uploads\/2025\/04\/IMG-20250414-WA0079-300x225.jpg 300w, https:\/\/klaster.it\/wp-content\/uploads\/2025\/04\/IMG-20250414-WA0079-768x576.jpg 768w, https:\/\/klaster.it\/wp-content\/uploads\/2025\/04\/IMG-20250414-WA0079-1536x1152.jpg 1536w, https:\/\/klaster.it\/wp-content\/uploads\/2025\/04\/IMG-20250414-WA0079.jpg 1600w\" sizes=\"(max-width: 895px) 100vw, 895px\" \/><\/p>\n<p><img loading=\"lazy\" decoding=\"async\" class=\"alignnone wp-image-26210\" src=\"https:\/\/klaster.it\/wp-content\/uploads\/2025\/04\/IMG-20250414-WA0015-1024x652.jpg\" alt=\"\" width=\"896\" height=\"571\" srcset=\"https:\/\/klaster.it\/wp-content\/uploads\/2025\/04\/IMG-20250414-WA0015-1024x652.jpg 1024w, https:\/\/klaster.it\/wp-content\/uploads\/2025\/04\/IMG-20250414-WA0015-300x191.jpg 300w, https:\/\/klaster.it\/wp-content\/uploads\/2025\/04\/IMG-20250414-WA0015-768x489.jpg 768w, https:\/\/klaster.it\/wp-content\/uploads\/2025\/04\/IMG-20250414-WA0015-1536x978.jpg 1536w, https:\/\/klaster.it\/wp-content\/uploads\/2025\/04\/IMG-20250414-WA0015.jpg 1600w\" sizes=\"(max-width: 896px) 100vw, 896px\" \/><\/p>\n<p><img loading=\"lazy\" decoding=\"async\" class=\"alignnone wp-image-26205\" src=\"https:\/\/klaster.it\/wp-content\/uploads\/2025\/04\/Zdjecie-WhatsApp-2025-04-15-o-13.07.00_ca62af32-826x1024.jpg\" alt=\"\" width=\"895\" height=\"1109\" srcset=\"https:\/\/klaster.it\/wp-content\/uploads\/2025\/04\/Zdjecie-WhatsApp-2025-04-15-o-13.07.00_ca62af32-826x1024.jpg 826w, https:\/\/klaster.it\/wp-content\/uploads\/2025\/04\/Zdjecie-WhatsApp-2025-04-15-o-13.07.00_ca62af32-242x300.jpg 242w, https:\/\/klaster.it\/wp-content\/uploads\/2025\/04\/Zdjecie-WhatsApp-2025-04-15-o-13.07.00_ca62af32-768x952.jpg 768w, https:\/\/klaster.it\/wp-content\/uploads\/2025\/04\/Zdjecie-WhatsApp-2025-04-15-o-13.07.00_ca62af32-1239x1536.jpg 1239w, https:\/\/klaster.it\/wp-content\/uploads\/2025\/04\/Zdjecie-WhatsApp-2025-04-15-o-13.07.00_ca62af32.jpg 1291w\" sizes=\"(max-width: 895px) 100vw, 895px\" \/><\/p>\n<p><img loading=\"lazy\" decoding=\"async\" class=\"alignnone wp-image-25141\" src=\"https:\/\/klaster.it\/wp-content\/uploads\/2024\/11\/LOGO_TAB_INTEREG-1024x155.png\" alt=\"\" width=\"891\" height=\"135\" srcset=\"https:\/\/klaster.it\/wp-content\/uploads\/2024\/11\/LOGO_TAB_INTEREG-1024x155.png 1024w, https:\/\/klaster.it\/wp-content\/uploads\/2024\/11\/LOGO_TAB_INTEREG-300x46.png 300w, https:\/\/klaster.it\/wp-content\/uploads\/2024\/11\/LOGO_TAB_INTEREG-768x117.png 768w, https:\/\/klaster.it\/wp-content\/uploads\/2024\/11\/LOGO_TAB_INTEREG.png 1087w\" sizes=\"(max-width: 891px) 100vw, 891px\" \/><\/p>\n<p>&nbsp;<\/p>\n","protected":false},"excerpt":{"rendered":"<p>Creativity, Technology, and Collaboration \u2013 A Report from Our Team\u2019s Participation in the T.A.B. Project. Last week, Magdalena \u0141awicka, Monika Duszkiewicz, and our Cluster Expert Piotr Kr\u0119\u017cel from 24fps.pl, represented us during meetings held as part of the international T.A.B. project \u2013 Innovation Hubs for Tech, Art, and Business. The meetings took place from April&#8230;<\/p>\n","protected":false},"author":6,"featured_media":26160,"comment_status":"closed","ping_status":"closed","sticky":false,"template":"","format":"standard","meta":{"footnotes":""},"categories":[282],"tags":[],"class_list":["post-26228","post","type-post","status-publish","format-standard","has-post-thumbnail","hentry","category-projekt-t-a-b-en"],"yoast_head":"<!-- This site is optimized with the Yoast SEO plugin v27.5 - https:\/\/yoast.com\/product\/yoast-seo-wordpress\/ -->\n<title>Upskilling Course and Creative Sprint in Vilnius (Work on the T.A.B Project) - Klaster IT<\/title>\n<meta name=\"robots\" content=\"index, follow, max-snippet:-1, max-image-preview:large, max-video-preview:-1\" \/>\n<link rel=\"canonical\" href=\"https:\/\/klaster.it\/2025\/04\/podsumowanie-naszego-udzialu-w-projektu-t-a-b\/\" \/>\n<meta property=\"og:locale\" content=\"en_US\" \/>\n<meta property=\"og:type\" content=\"article\" \/>\n<meta property=\"og:title\" content=\"Upskilling Course and Creative Sprint in Vilnius (Work on the T.A.B Project) - Klaster IT\" \/>\n<meta property=\"og:description\" content=\"Creativity, Technology, and Collaboration \u2013 A Report from Our Team\u2019s Participation in the T.A.B. Project. Last week, Magdalena \u0141awicka, Monika Duszkiewicz, and our Cluster Expert Piotr Kr\u0119\u017cel from 24fps.pl, represented us during meetings held as part of the international T.A.B. project \u2013 Innovation Hubs for Tech, Art, and Business. The meetings took place from April...\" \/>\n<meta property=\"og:url\" content=\"https:\/\/klaster.it\/2025\/04\/podsumowanie-naszego-udzialu-w-projektu-t-a-b\/\" \/>\n<meta property=\"og:site_name\" content=\"Klaster IT\" \/>\n<meta property=\"article:publisher\" content=\"https:\/\/www.facebook.com\/KlasterICTPomorzeZachodnie\/\" \/>\n<meta property=\"article:published_time\" content=\"2025-04-16T07:14:02+00:00\" \/>\n<meta property=\"article:modified_time\" content=\"2025-04-16T08:05:36+00:00\" \/>\n<meta property=\"og:image\" content=\"https:\/\/klaster.it\/wp-content\/uploads\/2025\/04\/IMG-20250409-WA0055.jpg\" \/>\n\t<meta property=\"og:image:width\" content=\"1536\" \/>\n\t<meta property=\"og:image:height\" content=\"1234\" \/>\n\t<meta property=\"og:image:type\" content=\"image\/jpeg\" \/>\n<meta name=\"author\" content=\"Monika Duszkiewicz\" \/>\n<meta name=\"twitter:card\" content=\"summary_large_image\" \/>\n<meta name=\"twitter:label1\" content=\"Written by\" \/>\n\t<meta name=\"twitter:data1\" content=\"Monika Duszkiewicz\" \/>\n\t<meta name=\"twitter:label2\" content=\"Est. reading time\" \/>\n\t<meta name=\"twitter:data2\" content=\"9 minutes\" \/>\n<script type=\"application\/ld+json\" class=\"yoast-schema-graph\">{\"@context\":\"https:\\\/\\\/schema.org\",\"@graph\":[{\"@type\":\"Article\",\"@id\":\"https:\\\/\\\/klaster.it\\\/2025\\\/04\\\/podsumowanie-naszego-udzialu-w-projektu-t-a-b\\\/#article\",\"isPartOf\":{\"@id\":\"https:\\\/\\\/klaster.it\\\/2025\\\/04\\\/podsumowanie-naszego-udzialu-w-projektu-t-a-b\\\/\"},\"author\":{\"name\":\"Monika Duszkiewicz\",\"@id\":\"https:\\\/\\\/klaster.it\\\/#\\\/schema\\\/person\\\/141195db96c0502b0d487423fe51d31f\"},\"headline\":\"Upskilling Course and Creative Sprint in Vilnius (Work on the T.A.B Project)\",\"datePublished\":\"2025-04-16T07:14:02+00:00\",\"dateModified\":\"2025-04-16T08:05:36+00:00\",\"mainEntityOfPage\":{\"@id\":\"https:\\\/\\\/klaster.it\\\/2025\\\/04\\\/podsumowanie-naszego-udzialu-w-projektu-t-a-b\\\/\"},\"wordCount\":709,\"publisher\":{\"@id\":\"https:\\\/\\\/klaster.it\\\/#organization\"},\"image\":{\"@id\":\"https:\\\/\\\/klaster.it\\\/2025\\\/04\\\/podsumowanie-naszego-udzialu-w-projektu-t-a-b\\\/#primaryimage\"},\"thumbnailUrl\":\"https:\\\/\\\/klaster.it\\\/wp-content\\\/uploads\\\/2025\\\/04\\\/IMG-20250409-WA0055.jpg\",\"articleSection\":[\"Projekt T.A.B\"],\"inLanguage\":\"en-US\"},{\"@type\":\"WebPage\",\"@id\":\"https:\\\/\\\/klaster.it\\\/2025\\\/04\\\/podsumowanie-naszego-udzialu-w-projektu-t-a-b\\\/\",\"url\":\"https:\\\/\\\/klaster.it\\\/2025\\\/04\\\/podsumowanie-naszego-udzialu-w-projektu-t-a-b\\\/\",\"name\":\"Upskilling Course and Creative Sprint in Vilnius (Work on the T.A.B Project) - Klaster IT\",\"isPartOf\":{\"@id\":\"https:\\\/\\\/klaster.it\\\/#website\"},\"primaryImageOfPage\":{\"@id\":\"https:\\\/\\\/klaster.it\\\/2025\\\/04\\\/podsumowanie-naszego-udzialu-w-projektu-t-a-b\\\/#primaryimage\"},\"image\":{\"@id\":\"https:\\\/\\\/klaster.it\\\/2025\\\/04\\\/podsumowanie-naszego-udzialu-w-projektu-t-a-b\\\/#primaryimage\"},\"thumbnailUrl\":\"https:\\\/\\\/klaster.it\\\/wp-content\\\/uploads\\\/2025\\\/04\\\/IMG-20250409-WA0055.jpg\",\"datePublished\":\"2025-04-16T07:14:02+00:00\",\"dateModified\":\"2025-04-16T08:05:36+00:00\",\"breadcrumb\":{\"@id\":\"https:\\\/\\\/klaster.it\\\/2025\\\/04\\\/podsumowanie-naszego-udzialu-w-projektu-t-a-b\\\/#breadcrumb\"},\"inLanguage\":\"en-US\",\"potentialAction\":[{\"@type\":\"ReadAction\",\"target\":[\"https:\\\/\\\/klaster.it\\\/2025\\\/04\\\/podsumowanie-naszego-udzialu-w-projektu-t-a-b\\\/\"]}]},{\"@type\":\"ImageObject\",\"inLanguage\":\"en-US\",\"@id\":\"https:\\\/\\\/klaster.it\\\/2025\\\/04\\\/podsumowanie-naszego-udzialu-w-projektu-t-a-b\\\/#primaryimage\",\"url\":\"https:\\\/\\\/klaster.it\\\/wp-content\\\/uploads\\\/2025\\\/04\\\/IMG-20250409-WA0055.jpg\",\"contentUrl\":\"https:\\\/\\\/klaster.it\\\/wp-content\\\/uploads\\\/2025\\\/04\\\/IMG-20250409-WA0055.jpg\",\"width\":1536,\"height\":1234},{\"@type\":\"BreadcrumbList\",\"@id\":\"https:\\\/\\\/klaster.it\\\/2025\\\/04\\\/podsumowanie-naszego-udzialu-w-projektu-t-a-b\\\/#breadcrumb\",\"itemListElement\":[{\"@type\":\"ListItem\",\"position\":1,\"name\":\"Home\",\"item\":\"https:\\\/\\\/klaster.it\\\/en\\\/home\\\/\"},{\"@type\":\"ListItem\",\"position\":2,\"name\":\"Upskilling Course and Creative Sprint in Vilnius (Work on the T.A.B Project)\"}]},{\"@type\":\"WebSite\",\"@id\":\"https:\\\/\\\/klaster.it\\\/#website\",\"url\":\"https:\\\/\\\/klaster.it\\\/\",\"name\":\"Klaster IT\",\"description\":\"Kolejna witryna oparta na WordPressie\",\"publisher\":{\"@id\":\"https:\\\/\\\/klaster.it\\\/#organization\"},\"potentialAction\":[{\"@type\":\"SearchAction\",\"target\":{\"@type\":\"EntryPoint\",\"urlTemplate\":\"https:\\\/\\\/klaster.it\\\/?s={search_term_string}\"},\"query-input\":{\"@type\":\"PropertyValueSpecification\",\"valueRequired\":true,\"valueName\":\"search_term_string\"}}],\"inLanguage\":\"en-US\"},{\"@type\":\"Organization\",\"@id\":\"https:\\\/\\\/klaster.it\\\/#organization\",\"name\":\"Klaster IT\",\"url\":\"https:\\\/\\\/klaster.it\\\/\",\"logo\":{\"@type\":\"ImageObject\",\"inLanguage\":\"en-US\",\"@id\":\"https:\\\/\\\/klaster.it\\\/#\\\/schema\\\/logo\\\/image\\\/\",\"url\":\"https:\\\/\\\/klaster.it\\\/wp-content\\\/uploads\\\/2021\\\/11\\\/Klaster-IT_logo-poziome.png\",\"contentUrl\":\"https:\\\/\\\/klaster.it\\\/wp-content\\\/uploads\\\/2021\\\/11\\\/Klaster-IT_logo-poziome.png\",\"width\":2094,\"height\":297,\"caption\":\"Klaster IT\"},\"image\":{\"@id\":\"https:\\\/\\\/klaster.it\\\/#\\\/schema\\\/logo\\\/image\\\/\"},\"sameAs\":[\"https:\\\/\\\/www.facebook.com\\\/KlasterICTPomorzeZachodnie\\\/\",\"https:\\\/\\\/www.linkedin.com\\\/company\\\/west-pomeranian-ict-cluster\\\/\"]},{\"@type\":\"Person\",\"@id\":\"https:\\\/\\\/klaster.it\\\/#\\\/schema\\\/person\\\/141195db96c0502b0d487423fe51d31f\",\"name\":\"Monika Duszkiewicz\",\"image\":{\"@type\":\"ImageObject\",\"inLanguage\":\"en-US\",\"@id\":\"https:\\\/\\\/secure.gravatar.com\\\/avatar\\\/78f1c1a782bf2534a1074f0dc829c5f6f316f465fee9541bdc3adcd04f50c182?s=96&d=mm&r=g\",\"url\":\"https:\\\/\\\/secure.gravatar.com\\\/avatar\\\/78f1c1a782bf2534a1074f0dc829c5f6f316f465fee9541bdc3adcd04f50c182?s=96&d=mm&r=g\",\"contentUrl\":\"https:\\\/\\\/secure.gravatar.com\\\/avatar\\\/78f1c1a782bf2534a1074f0dc829c5f6f316f465fee9541bdc3adcd04f50c182?s=96&d=mm&r=g\",\"caption\":\"Monika Duszkiewicz\"}}]}<\/script>\n<!-- \/ Yoast SEO plugin. -->","yoast_head_json":{"title":"Upskilling Course and Creative Sprint in Vilnius (Work on the T.A.B Project) - Klaster IT","robots":{"index":"index","follow":"follow","max-snippet":"max-snippet:-1","max-image-preview":"max-image-preview:large","max-video-preview":"max-video-preview:-1"},"canonical":"https:\/\/klaster.it\/2025\/04\/podsumowanie-naszego-udzialu-w-projektu-t-a-b\/","og_locale":"en_US","og_type":"article","og_title":"Upskilling Course and Creative Sprint in Vilnius (Work on the T.A.B Project) - Klaster IT","og_description":"Creativity, Technology, and Collaboration \u2013 A Report from Our Team\u2019s Participation in the T.A.B. Project. Last week, Magdalena \u0141awicka, Monika Duszkiewicz, and our Cluster Expert Piotr Kr\u0119\u017cel from 24fps.pl, represented us during meetings held as part of the international T.A.B. project \u2013 Innovation Hubs for Tech, Art, and Business. The meetings took place from April...","og_url":"https:\/\/klaster.it\/2025\/04\/podsumowanie-naszego-udzialu-w-projektu-t-a-b\/","og_site_name":"Klaster IT","article_publisher":"https:\/\/www.facebook.com\/KlasterICTPomorzeZachodnie\/","article_published_time":"2025-04-16T07:14:02+00:00","article_modified_time":"2025-04-16T08:05:36+00:00","og_image":[{"width":1536,"height":1234,"url":"https:\/\/klaster.it\/wp-content\/uploads\/2025\/04\/IMG-20250409-WA0055.jpg","type":"image\/jpeg"}],"author":"Monika Duszkiewicz","twitter_card":"summary_large_image","twitter_misc":{"Written by":"Monika Duszkiewicz","Est. reading time":"9 minutes"},"schema":{"@context":"https:\/\/schema.org","@graph":[{"@type":"Article","@id":"https:\/\/klaster.it\/2025\/04\/podsumowanie-naszego-udzialu-w-projektu-t-a-b\/#article","isPartOf":{"@id":"https:\/\/klaster.it\/2025\/04\/podsumowanie-naszego-udzialu-w-projektu-t-a-b\/"},"author":{"name":"Monika Duszkiewicz","@id":"https:\/\/klaster.it\/#\/schema\/person\/141195db96c0502b0d487423fe51d31f"},"headline":"Upskilling Course and Creative Sprint in Vilnius (Work on the T.A.B Project)","datePublished":"2025-04-16T07:14:02+00:00","dateModified":"2025-04-16T08:05:36+00:00","mainEntityOfPage":{"@id":"https:\/\/klaster.it\/2025\/04\/podsumowanie-naszego-udzialu-w-projektu-t-a-b\/"},"wordCount":709,"publisher":{"@id":"https:\/\/klaster.it\/#organization"},"image":{"@id":"https:\/\/klaster.it\/2025\/04\/podsumowanie-naszego-udzialu-w-projektu-t-a-b\/#primaryimage"},"thumbnailUrl":"https:\/\/klaster.it\/wp-content\/uploads\/2025\/04\/IMG-20250409-WA0055.jpg","articleSection":["Projekt T.A.B"],"inLanguage":"en-US"},{"@type":"WebPage","@id":"https:\/\/klaster.it\/2025\/04\/podsumowanie-naszego-udzialu-w-projektu-t-a-b\/","url":"https:\/\/klaster.it\/2025\/04\/podsumowanie-naszego-udzialu-w-projektu-t-a-b\/","name":"Upskilling Course and Creative Sprint in Vilnius (Work on the T.A.B Project) - Klaster IT","isPartOf":{"@id":"https:\/\/klaster.it\/#website"},"primaryImageOfPage":{"@id":"https:\/\/klaster.it\/2025\/04\/podsumowanie-naszego-udzialu-w-projektu-t-a-b\/#primaryimage"},"image":{"@id":"https:\/\/klaster.it\/2025\/04\/podsumowanie-naszego-udzialu-w-projektu-t-a-b\/#primaryimage"},"thumbnailUrl":"https:\/\/klaster.it\/wp-content\/uploads\/2025\/04\/IMG-20250409-WA0055.jpg","datePublished":"2025-04-16T07:14:02+00:00","dateModified":"2025-04-16T08:05:36+00:00","breadcrumb":{"@id":"https:\/\/klaster.it\/2025\/04\/podsumowanie-naszego-udzialu-w-projektu-t-a-b\/#breadcrumb"},"inLanguage":"en-US","potentialAction":[{"@type":"ReadAction","target":["https:\/\/klaster.it\/2025\/04\/podsumowanie-naszego-udzialu-w-projektu-t-a-b\/"]}]},{"@type":"ImageObject","inLanguage":"en-US","@id":"https:\/\/klaster.it\/2025\/04\/podsumowanie-naszego-udzialu-w-projektu-t-a-b\/#primaryimage","url":"https:\/\/klaster.it\/wp-content\/uploads\/2025\/04\/IMG-20250409-WA0055.jpg","contentUrl":"https:\/\/klaster.it\/wp-content\/uploads\/2025\/04\/IMG-20250409-WA0055.jpg","width":1536,"height":1234},{"@type":"BreadcrumbList","@id":"https:\/\/klaster.it\/2025\/04\/podsumowanie-naszego-udzialu-w-projektu-t-a-b\/#breadcrumb","itemListElement":[{"@type":"ListItem","position":1,"name":"Home","item":"https:\/\/klaster.it\/en\/home\/"},{"@type":"ListItem","position":2,"name":"Upskilling Course and Creative Sprint in Vilnius (Work on the T.A.B Project)"}]},{"@type":"WebSite","@id":"https:\/\/klaster.it\/#website","url":"https:\/\/klaster.it\/","name":"Klaster IT","description":"Kolejna witryna oparta na WordPressie","publisher":{"@id":"https:\/\/klaster.it\/#organization"},"potentialAction":[{"@type":"SearchAction","target":{"@type":"EntryPoint","urlTemplate":"https:\/\/klaster.it\/?s={search_term_string}"},"query-input":{"@type":"PropertyValueSpecification","valueRequired":true,"valueName":"search_term_string"}}],"inLanguage":"en-US"},{"@type":"Organization","@id":"https:\/\/klaster.it\/#organization","name":"Klaster IT","url":"https:\/\/klaster.it\/","logo":{"@type":"ImageObject","inLanguage":"en-US","@id":"https:\/\/klaster.it\/#\/schema\/logo\/image\/","url":"https:\/\/klaster.it\/wp-content\/uploads\/2021\/11\/Klaster-IT_logo-poziome.png","contentUrl":"https:\/\/klaster.it\/wp-content\/uploads\/2021\/11\/Klaster-IT_logo-poziome.png","width":2094,"height":297,"caption":"Klaster IT"},"image":{"@id":"https:\/\/klaster.it\/#\/schema\/logo\/image\/"},"sameAs":["https:\/\/www.facebook.com\/KlasterICTPomorzeZachodnie\/","https:\/\/www.linkedin.com\/company\/west-pomeranian-ict-cluster\/"]},{"@type":"Person","@id":"https:\/\/klaster.it\/#\/schema\/person\/141195db96c0502b0d487423fe51d31f","name":"Monika Duszkiewicz","image":{"@type":"ImageObject","inLanguage":"en-US","@id":"https:\/\/secure.gravatar.com\/avatar\/78f1c1a782bf2534a1074f0dc829c5f6f316f465fee9541bdc3adcd04f50c182?s=96&d=mm&r=g","url":"https:\/\/secure.gravatar.com\/avatar\/78f1c1a782bf2534a1074f0dc829c5f6f316f465fee9541bdc3adcd04f50c182?s=96&d=mm&r=g","contentUrl":"https:\/\/secure.gravatar.com\/avatar\/78f1c1a782bf2534a1074f0dc829c5f6f316f465fee9541bdc3adcd04f50c182?s=96&d=mm&r=g","caption":"Monika Duszkiewicz"}}]}},"_links":{"self":[{"href":"https:\/\/klaster.it\/en\/wp-json\/wp\/v2\/posts\/26228","targetHints":{"allow":["GET"]}}],"collection":[{"href":"https:\/\/klaster.it\/en\/wp-json\/wp\/v2\/posts"}],"about":[{"href":"https:\/\/klaster.it\/en\/wp-json\/wp\/v2\/types\/post"}],"author":[{"embeddable":true,"href":"https:\/\/klaster.it\/en\/wp-json\/wp\/v2\/users\/6"}],"replies":[{"embeddable":true,"href":"https:\/\/klaster.it\/en\/wp-json\/wp\/v2\/comments?post=26228"}],"version-history":[{"count":3,"href":"https:\/\/klaster.it\/en\/wp-json\/wp\/v2\/posts\/26228\/revisions"}],"predecessor-version":[{"id":26232,"href":"https:\/\/klaster.it\/en\/wp-json\/wp\/v2\/posts\/26228\/revisions\/26232"}],"wp:featuredmedia":[{"embeddable":true,"href":"https:\/\/klaster.it\/en\/wp-json\/wp\/v2\/media\/26160"}],"wp:attachment":[{"href":"https:\/\/klaster.it\/en\/wp-json\/wp\/v2\/media?parent=26228"}],"wp:term":[{"taxonomy":"category","embeddable":true,"href":"https:\/\/klaster.it\/en\/wp-json\/wp\/v2\/categories?post=26228"},{"taxonomy":"post_tag","embeddable":true,"href":"https:\/\/klaster.it\/en\/wp-json\/wp\/v2\/tags?post=26228"}],"curies":[{"name":"wp","href":"https:\/\/api.w.org\/{rel}","templated":true}]}}